{"id":735,"date":"2011-09-27T11:56:06","date_gmt":"2011-09-27T09:56:06","guid":{"rendered":"http:\/\/alfr.blogsport.de\/2011\/09\/27\/reihe-blickpunkt-spanien\/"},"modified":"2011-09-27T11:56:06","modified_gmt":"2011-09-27T09:56:06","slug":"reihe-blickpunkt-spanien","status":"publish","type":"post","link":"https:\/\/www.antifaschistische-linke.de\/?p=735","title":{"rendered":"Reihe \u201eBlickpunkt Spanien\u201c"},"content":{"rendered":"<p><img decoding=\"async\" src=\"http:\/\/www.antifaschistische-linke.de\/Bilder\/afalogoklein.png\" align=\"left\" alt=\"\" \/> <em>Donnerstag, 27.09.2011<\/em><br \/><strong>B\u00fchl.<\/strong>  Unsere Genossen von der <a href=\"http:\/\/alba.blogsport.de\/\">ALBA<\/a> organisieren in diesem Herbst eine Reihe mit dem Titel \u201eAntifaschismus International \u2013 Blickpunkt Spanien\u201c. Drei Veranstaltungen sollen einen \u00dcberblick \u00fcber die spanische Geschichte mit dem Augenmerk auf Antifaschismus vom <a href=\"http:\/\/de.wikipedia.org\/wiki\/Spanischer_B%C3%BCrgerkrieg\">Spanischen B\u00fcrgerkrieg<\/a> bis zur aktuellen Zeit geben. Am Donnerstag, 29. September um 19 Uhr wird zun\u00e4chst die Dokumentation &#8222;<a href=\"http:\/\/www.wdr.de\/tv\/wdr-dok\/sendungsbeitraege\/2010\/1213\/300_Juden_gegen_Franco.jsp\">300 Juden gegen Franco<\/a>&#8220; <a href=\"http:\/\/linksunten.indymedia.org\/de\/node\/46714\">gezeigt<\/a>. Der Film handelt von 300 Juden, die 1936 von Pa\u00adl\u00e4s\u00adti\u00adna aus nach Spa\u00adni\u00aden reis\u00adten, um sich in den <a href=\"http:\/\/de.wikipedia.org\/wiki\/Internationale_Brigaden\">In\u00adter\u00adna\u00adtio\u00adna\u00adlen Bri\u00adga\u00adden<\/a> am Kampf gegen die Franco-Fa\u00adschis\u00adten zu be\u00adtei\u00adli\u00adgen.  Am Sonntag, 9. Oktober um 19 Uhr<a href=\"http:\/\/alfr.blogsport.de\/?p=694\"> referiert<\/a> Reinhard Neudorfer von der <a href=\"http:\/\/rosalux.de\/\">Rosa-Luxemburg-Stiftung<\/a> \u00fcber Chronologie, Ereignisse und die verschiedenen Akteure des Spanischen B\u00fcrgerkriegs. Am Donnerstag 13. Oktober um 19 Uhr schlie\u00dflich gibt es eine Filmdokumentation zur Ermordung des jungen Antifaschisten Carlos Palomino. Dieser wurde am 11. November 2007 auf dem Weg zu Gegenaktivit\u00e4ten gegen einen faschistischen Aufmarsch in der Madrider U-Bahn von einem Faschisten brutal niedergestochen und ermordet. Begeleitet wird der Film von einer Herleitung zur Gegenwart: Was geschah in der Zwischenzeit? Wie endete der Franco-Faschismus? Hierzu zeigt die ALBA auch zwei aufgezeichnete Interviews, jeweils mit einer Zeitzeugin des Beginns des Franquismus und mit einem Zeitzeugen des kommunistischen Widerstands der 1960-er und \u00b470-er Jahre. Alle Veranstaltungen finden statt im <a href=\"http:\/\/www.caracol-buehl.de\/\">Caracol<\/a>, Eisenbahnstra\u00dfe 4, 77815 B\u00fchl.<\/p>\n","protected":false},"excerpt":{"rendered":"<p>Donnerstag, 27.09.2011B\u00fchl. Unsere Genossen von der ALBA organisieren in diesem Herbst eine Reihe mit dem Titel \u201eAntifaschismus International \u2013 Blickpunkt Spanien\u201c. Drei Veranstaltungen sollen einen \u00dcberblick \u00fcber die spanische Geschichte mit dem Augenmerk auf Antifaschismus vom Spanischen B\u00fcrgerkrieg bis zur aktuellen Zeit geben. Am Donnerstag, 29. September um 19 Uhr wird zun\u00e4chst die Dokumentation &#8222;300 [&hellip;]<\/p>\n","protected":false},"author":1,"featured_media":0,"comment_status":"closed","ping_status":"closed","sticky":false,"template":"","format":"standard","meta":[],"categories":[1],"tags":[],"_links":{"self":[{"href":"https:\/\/www.antifaschistische-linke.de\/index.php?rest_route=\/wp\/v2\/posts\/735"}],"collection":[{"href":"https:\/\/www.antifaschistische-linke.de\/index.php?rest_route=\/wp\/v2\/posts"}],"about":[{"href":"https:\/\/www.antifaschistische-linke.de\/index.php?rest_route=\/wp\/v2\/types\/post"}],"author":[{"embeddable":true,"href":"https:\/\/www.antifaschistische-linke.de\/index.php?rest_route=\/wp\/v2\/users\/1"}],"replies":[{"embeddable":true,"href":"https:\/\/www.antifaschistische-linke.de\/index.php?rest_route=%2Fwp%2Fv2%2Fcomments&post=735"}],"version-history":[{"count":0,"href":"https:\/\/www.antifaschistische-linke.de\/index.php?rest_route=\/wp\/v2\/posts\/735\/revisions"}],"wp:attachment":[{"href":"https:\/\/www.antifaschistische-linke.de\/index.php?rest_route=%2Fwp%2Fv2%2Fmedia&parent=735"}],"wp:term":[{"taxonomy":"category","embeddable":true,"href":"https:\/\/www.antifaschistische-linke.de\/index.php?rest_route=%2Fwp%2Fv2%2Fcategories&post=735"},{"taxonomy":"post_tag","embeddable":true,"href":"https:\/\/www.antifaschistische-linke.de\/index.php?rest_route=%2Fwp%2Fv2%2Ftags&post=735"}],"curies":[{"name":"wp","href":"https:\/\/api.w.org\/{rel}","templated":true}]}}