{"id":7363,"date":"2023-04-15T11:58:15","date_gmt":"2023-04-15T09:58:15","guid":{"rendered":"https:\/\/www.antifaschistische-linke.de\/?p=7363"},"modified":"2023-04-15T12:00:27","modified_gmt":"2023-04-15T10:00:27","slug":"die-alfr-ist-geschichte-die-alfr-ist-jetzt-gemeinsam-kaempfen-kommunistische-gruppe-freiburg","status":"publish","type":"post","link":"https:\/\/www.antifaschistische-linke.de\/?p=7363","title":{"rendered":"Die ALFR ist Geschichte. Die ALFR ist jetzt &#8222;Gemeinsam K\u00e4mpfen &#8211; Kommunistische Gruppe Freiburg&#8220;"},"content":{"rendered":"\n<p>Seit unserer Gr\u00fcndung im Jahr 2009 ist viel passiert. In den letzten 14 Jahren gemeinsamer, politischer Arbeit ist unsere Gruppe mit uns, unseren Debatten und Erfahrungen gewachsen. Im Zuge einer langfristig angelegten Neuorientierung in Strategie und Praxis haben wir uns im Fr\u00fchjahr 2023 mit <strong>\u201eGemeinsam K\u00e4mpfen \u2013 Kommunistische Gruppe Freiburg\u201c<\/strong> einen neuen Namen gegeben. Den Stand unserer Diskussion, unsere Einsch\u00e4tzungen und politischen Herangehensweisen k\u00f6nnt Ihr in unsere <a href=\"https:\/\/gemeinsam.fr\/ueber-uns\/\">aktualisierten Selbstverst\u00e4ndnis<\/a> nachlesen. <\/p>\n\n\n\n<p>Mit dieser Neuausrichtung unserer Politik geht aber auch ein Versprechen einher: Wir wollen auch weiterhin in der Tradition der internationalen Arbeiter*innenbewegung verbindlich, vertrauensvoll und solidarisch f\u00fcr die Abschaffung aller Verh\u00e4ltnisse k\u00e4mpfen, \u201ein denen der Mensch ein erniedrigtes, ein geknechtetes, ein verlassenes Wesen ist\u201c (Karl Marx). Wir m\u00f6chten feministische und \u00f6kologische K\u00e4mpfe, das Engagement gegen Rassismus, alte und neue Nazis, das Eintreten gegen Ausbeutung und soziale Entrechtung, den Aufbau einer linken Gegenkultur, Arbeit gegen den deutschen Imperialismus und eine internationalistische Praxis nicht einfach nur lose nebeneinander stellen. Vielmehr verstehen wir diese verschiedenen Bereiche als untrennbare Bestandteile eines gemeinsamen sozialistischen Kampfes, die mit einer \u00fcbergeordneten Perspektive verbunden sein m\u00fcssen.<\/p>\n\n\n\n<p>Als Gruppe gehen wir in unseren strategischen \u00dcberlegungen, aber auch in unserer Praxis, von einer zentralen Frage aus: wie kann die Verankerung der Linken in unserer Klasse neu aufgebaut und ausgebaut werden? Denn als Kommunist*innen sind wir davon \u00fcberzeugt, dass wirkliche Gegenmacht nur durch den Zusammenschluss relevanter Teile der arbeitenden Klasse entstehen kann. Es reicht deshalb nicht aus, nur die richtigen Positionen zu vertreten und zu versuchen, den gesellschaftlichen Diskurs zu beeinflussen. An einer kleinteiligen, langfristigen Politik der Organisierung von Menschen anhand ihrer konkreten Interessen f\u00fchrt kein Weg vorbei. Wenn wir uns ernsthaft an einem Ringen um gesellschaftliche Gegenmacht beteiligen wollen, m\u00fcssen wir ansprechbar sein und k\u00e4mpfen, wo das Leben ist.<\/p>\n\n\n\n<p>Unser Ziel ist \u201eeine Welt , in der wir sozial gleich, menschlich verschieden und vollkommen frei sein werden\u201c (Rosa Luxemburg). Wir sind der festen \u00dcberzeugung, dass wir den Kapitalismus samt seiner Verheerungen und alle anderen Verh\u00e4ltnisse \u00fcberwinden m\u00fcssen, in denen die Menschen unterdr\u00fcckt werden. Wir sind der festen \u00dcberzeugung, dass es daf\u00fcr eine revolution\u00e4re Bewegung braucht und wir sind der festen \u00dcberzeugung, dass wir dieses Ziel nur gemeinsam mit vielen Anderen erreichen k\u00f6nnen.<\/p>\n\n\n\n<p>Wir sehen uns auf der Stra\u00dfe!<\/p>\n\n\n\n<p class=\"has-vivid-red-color has-text-color\"><em>Unseren neuen Webauftritt, unsere Posititionen und Standpunkte und viele spannende Veranstaltungen findet ihr auf <a href=\"https:\/\/gemeinsam.fr\/\">www.gemeinsam.fr<\/a><\/em><\/p>\n","protected":false},"excerpt":{"rendered":"<p>Seit unserer Gr\u00fcndung im Jahr 2009 ist viel passiert. In den letzten 14 Jahren gemeinsamer, politischer Arbeit ist unsere Gruppe mit uns, unseren Debatten und Erfahrungen gewachsen. Im Zuge einer langfristig angelegten Neuorientierung in Strategie und Praxis haben wir uns im Fr\u00fchjahr 2023 mit \u201eGemeinsam K\u00e4mpfen \u2013 Kommunistische Gruppe Freiburg\u201c einen neuen Namen gegeben. Den [&hellip;]<\/p>\n","protected":false},"author":1,"featured_media":7364,"comment_status":"closed","ping_status":"closed","sticky":false,"template":"","format":"standard","meta":[],"categories":[1032,642],"tags":[86,127,13,1168,1169],"_links":{"self":[{"href":"https:\/\/www.antifaschistische-linke.de\/index.php?rest_route=\/wp\/v2\/posts\/7363"}],"collection":[{"href":"https:\/\/www.antifaschistische-linke.de\/index.php?rest_route=\/wp\/v2\/posts"}],"about":[{"href":"https:\/\/www.antifaschistische-linke.de\/index.php?rest_route=\/wp\/v2\/types\/post"}],"author":[{"embeddable":true,"href":"https:\/\/www.antifaschistische-linke.de\/index.php?rest_route=\/wp\/v2\/users\/1"}],"replies":[{"embeddable":true,"href":"https:\/\/www.antifaschistische-linke.de\/index.php?rest_route=%2Fwp%2Fv2%2Fcomments&post=7363"}],"version-history":[{"count":1,"href":"https:\/\/www.antifaschistische-linke.de\/index.php?rest_route=\/wp\/v2\/posts\/7363\/revisions"}],"predecessor-version":[{"id":7365,"href":"https:\/\/www.antifaschistische-linke.de\/index.php?rest_route=\/wp\/v2\/posts\/7363\/revisions\/7365"}],"wp:featuredmedia":[{"embeddable":true,"href":"https:\/\/www.antifaschistische-linke.de\/index.php?rest_route=\/wp\/v2\/media\/7364"}],"wp:attachment":[{"href":"https:\/\/www.antifaschistische-linke.de\/index.php?rest_route=%2Fwp%2Fv2%2Fmedia&parent=7363"}],"wp:term":[{"taxonomy":"category","embeddable":true,"href":"https:\/\/www.antifaschistische-linke.de\/index.php?rest_route=%2Fwp%2Fv2%2Fcategories&post=7363"},{"taxonomy":"post_tag","embeddable":true,"href":"https:\/\/www.antifaschistische-linke.de\/index.php?rest_route=%2Fwp%2Fv2%2Ftags&post=7363"}],"curies":[{"name":"wp","href":"https:\/\/api.w.org\/{rel}","templated":true}]}}