{"id":738,"date":"2011-09-30T14:42:38","date_gmt":"2011-09-30T12:42:38","guid":{"rendered":"http:\/\/alfr.blogsport.de\/?p=715"},"modified":"2011-09-30T14:42:38","modified_gmt":"2011-09-30T12:42:38","slug":"polizei-drang-auf-schattenparker-gelaende-ein","status":"publish","type":"post","link":"https:\/\/www.antifaschistische-linke.de\/?p=738","title":{"rendered":"Polizei drang auf Schattenparker-Gel\u00e4nde ein"},"content":{"rendered":"<p><img decoding=\"async\" src=\"http:\/\/www.antifaschistische-linke.de\/Bilder\/rotehilfeklein.jpg\" align=\"left\" alt=\"\" \/><em>Freitag, 30.09.2011<\/em><br \/><strong>Freiburg im Breisgau.<\/strong> Am Morgen des Sonntag, 25. September 2011, kurz vor dem <a href=\"http:\/\/alfr.blogsport.de\/?p=693\">Besuch des &#8222;Papstes&#8220;<\/a> Joseph Alosius Ratzinger sind Einsatzkr\u00e4fte der Polizei auf Grundlage einer Allgemeinverf\u00fcgung der Stadt Freiburg auf das Gel\u00e4nde des <a href=\"http:\/\/schattenparker.net\/spip.php?rubrique1\">Schattenparker<\/a>-Wagenplatzes <a href=\"http:\/\/www.ga-freiburg.net\/artikel\/razzia-bei-den-schattenparkern-grossangelegte-pr-kampagne-der-stadt-freiburg-beschraenkt-bue\">eingedrungen<\/a>, haben dabei T\u00fcren von Wagen aufgerissen und sogar in Wagen gefilmt. Die Privatsph\u00e4re der Bewohner und der Grundsatz der Unverletzlichkeit der Wohnung wurden auf diese Weise mit F\u00fc\u00dfen getreten. Diese Ma\u00dfnahme war nur ein Mosaikstein in der Gesamtstrategie, die B\u00fcrger w\u00e4hrend dieses  Wochenendes in Schach zu halten. Der Sinn solcher Beschr\u00e4nkungen und Verbote lag im Wunsch der Stadt begr\u00fcndet, ein durchgehend &#8222;positives&#8220; und harmonisches Bild nach au\u00dfen zu vermitteln.<\/p>\n","protected":false},"excerpt":{"rendered":"<p>Freitag, 30.09.2011Freiburg im Breisgau. Am Morgen des Sonntag, 25. September 2011, kurz vor dem Besuch des &#8222;Papstes&#8220; Joseph Alosius Ratzinger sind Einsatzkr\u00e4fte der Polizei auf Grundlage einer Allgemeinverf\u00fcgung der Stadt Freiburg auf das Gel\u00e4nde des Schattenparker-Wagenplatzes eingedrungen, haben dabei T\u00fcren von Wagen aufgerissen und sogar in Wagen gefilmt. Die Privatsph\u00e4re der Bewohner und der Grundsatz [&hellip;]<\/p>\n","protected":false},"author":1,"featured_media":0,"comment_status":"closed","ping_status":"closed","sticky":false,"template":"","format":"standard","meta":[],"categories":[1],"tags":[],"_links":{"self":[{"href":"https:\/\/www.antifaschistische-linke.de\/index.php?rest_route=\/wp\/v2\/posts\/738"}],"collection":[{"href":"https:\/\/www.antifaschistische-linke.de\/index.php?rest_route=\/wp\/v2\/posts"}],"about":[{"href":"https:\/\/www.antifaschistische-linke.de\/index.php?rest_route=\/wp\/v2\/types\/post"}],"author":[{"embeddable":true,"href":"https:\/\/www.antifaschistische-linke.de\/index.php?rest_route=\/wp\/v2\/users\/1"}],"replies":[{"embeddable":true,"href":"https:\/\/www.antifaschistische-linke.de\/index.php?rest_route=%2Fwp%2Fv2%2Fcomments&post=738"}],"version-history":[{"count":0,"href":"https:\/\/www.antifaschistische-linke.de\/index.php?rest_route=\/wp\/v2\/posts\/738\/revisions"}],"wp:attachment":[{"href":"https:\/\/www.antifaschistische-linke.de\/index.php?rest_route=%2Fwp%2Fv2%2Fmedia&parent=738"}],"wp:term":[{"taxonomy":"category","embeddable":true,"href":"https:\/\/www.antifaschistische-linke.de\/index.php?rest_route=%2Fwp%2Fv2%2Fcategories&post=738"},{"taxonomy":"post_tag","embeddable":true,"href":"https:\/\/www.antifaschistische-linke.de\/index.php?rest_route=%2Fwp%2Fv2%2Ftags&post=738"}],"curies":[{"name":"wp","href":"https:\/\/api.w.org\/{rel}","templated":true}]}}