{"id":802,"date":"2012-04-25T18:51:26","date_gmt":"2012-04-25T16:51:26","guid":{"rendered":"http:\/\/alfr.blogsport.de\/2012\/04\/25\/kampagne-zum-1-mai-in-sued-und-mittelbaden\/"},"modified":"2012-04-25T18:51:26","modified_gmt":"2012-04-25T16:51:26","slug":"kampagne-zum-1-mai-in-sued-und-mittelbaden","status":"publish","type":"post","link":"https:\/\/www.antifaschistische-linke.de\/?p=802","title":{"rendered":"Kampagne zum 1. Mai in S\u00fcd- und Mittelbaden"},"content":{"rendered":"<p><img decoding=\"async\" src=\"http:\/\/www.antifaschistische-linke.de\/Bilder\/gemeinsam-stark-1mai2012-flugi.jpg\" align=\"left\" width=\"160\" alt=\"Gemeinsam stark Brosch\u00fcre\" \/><strong>Die Krise trifft uns alle &#8211;<br \/>\nnur gemeinsam sind wir stark!<br \/>\n<a href=\"http:\/\/gemeinsamstark.noblogs.org\">www.gemeinsam-stark.tk<\/a><\/strong><br \/>\n<img decoding=\"async\" src=\"http:\/\/www.antifaschistische-linke.de\/Bilder\/pdflogo.jpg\" align=\"left\" alt=\"\" \/> <em><a href=\"http:\/\/www.antifaschistische-linke.de\/PDF\/1mai2012-brosch.PDF\">Brosch\u00fcre als PDF (970 KB)<\/a><\/em><\/p>\n<p>Unter dem Namen &#8222;Gemeinsam stark!&#8220; haben die <a href=\"http:\/\/alba.blogsport.de\">Antifaschistische Linke B\u00fchl-Achern<\/a>, die Antifaschistische Linke Freiburg sowie die <a href=\"http:\/\/gruppe76.blogsport.de\">Gruppe 76 Rastatt\/Murgtal<\/a> eine Kampagne zur Wiederbelebung und St\u00e4rkung des 1. Mai ins Leben gerufen. Das Ziel der Kampagne ist es, traditionelle Forderungen der Arbeiterinnen und Arbeiter in Verbindung mit internationalistischem und klassenk\u00e4mpferischen Geist zu formulieren und diese zum 1. Mai auf die Stra\u00dfe zu tragen.<\/p>\n<p><a href=\"gemeinsam-stark-1mai2012-gross\"><img decoding=\"async\" src=\"http:\/\/www.antifaschistische-linke.de\/Bilder\/gemeinsam-stark-1mai2012-start.jpg\" align=\"right\" width=\"190\" alt=\"Gemeinsam stark Kampagne\" \/><\/a>F\u00fcr uns ist es wichtig, den Ersten Mai zu dem zu machen, was er schon immer war: der internationale Kampftag f\u00fcr alle Arbeiterinnen und Arbeiter! Im Zuge der 1. Mai-Kampagne wurde eine eigene Brosch\u00fcre mit einer Auflage von 20.000 Exemplaren erstellt. Sie beinhaltet Texte zu Krise und Kapitalismus, Organisierung und versucht Perspektiven jenseits von kapitalistischer Unterdr\u00fcckung und Ausbeutung aufzuzeigen. Mit der Verteilung auf \u00f6ffentlichen Pl\u00e4tzen, in Wohngebieten und direkt vor den Fabriktoren gr\u00f6\u00dferer Unternehmen in den Regionen von Karlsruhe bis Freiburg wurde bereits begonnen.<\/p>\n<p>Am 1. Mai mobilisieren wir zur <a href=\"http:\/\/1maikarlsruhe.blogsport.de\">revolution\u00e4ren 1. Mai-Demonstration in Karlsruhe<\/a>, um unsere Vorstellungen von einer gerechten und solidarischen Welt nach au\u00dfen zu tragen. Die Demonstration beginnt um 13 Uhr am Werderplatz.<\/p>\n","protected":false},"excerpt":{"rendered":"<p>Die Krise trifft uns alle &#8211; nur gemeinsam sind wir stark! www.gemeinsam-stark.tk Brosch\u00fcre als PDF (970 KB) Unter dem Namen &#8222;Gemeinsam stark!&#8220; haben die Antifaschistische Linke B\u00fchl-Achern, die Antifaschistische Linke Freiburg sowie die Gruppe 76 Rastatt\/Murgtal eine Kampagne zur Wiederbelebung und St\u00e4rkung des 1. Mai ins Leben gerufen. Das Ziel der Kampagne ist es, traditionelle [&hellip;]<\/p>\n","protected":false},"author":1,"featured_media":0,"comment_status":"closed","ping_status":"closed","sticky":false,"template":"","format":"standard","meta":[],"categories":[1],"tags":[],"_links":{"self":[{"href":"https:\/\/www.antifaschistische-linke.de\/index.php?rest_route=\/wp\/v2\/posts\/802"}],"collection":[{"href":"https:\/\/www.antifaschistische-linke.de\/index.php?rest_route=\/wp\/v2\/posts"}],"about":[{"href":"https:\/\/www.antifaschistische-linke.de\/index.php?rest_route=\/wp\/v2\/types\/post"}],"author":[{"embeddable":true,"href":"https:\/\/www.antifaschistische-linke.de\/index.php?rest_route=\/wp\/v2\/users\/1"}],"replies":[{"embeddable":true,"href":"https:\/\/www.antifaschistische-linke.de\/index.php?rest_route=%2Fwp%2Fv2%2Fcomments&post=802"}],"version-history":[{"count":0,"href":"https:\/\/www.antifaschistische-linke.de\/index.php?rest_route=\/wp\/v2\/posts\/802\/revisions"}],"wp:attachment":[{"href":"https:\/\/www.antifaschistische-linke.de\/index.php?rest_route=%2Fwp%2Fv2%2Fmedia&parent=802"}],"wp:term":[{"taxonomy":"category","embeddable":true,"href":"https:\/\/www.antifaschistische-linke.de\/index.php?rest_route=%2Fwp%2Fv2%2Fcategories&post=802"},{"taxonomy":"post_tag","embeddable":true,"href":"https:\/\/www.antifaschistische-linke.de\/index.php?rest_route=%2Fwp%2Fv2%2Ftags&post=802"}],"curies":[{"name":"wp","href":"https:\/\/api.w.org\/{rel}","templated":true}]}}