{"id":803,"date":"2012-04-26T09:55:36","date_gmt":"2012-04-26T07:55:36","guid":{"rendered":"http:\/\/alfr.blogsport.de\/2012\/04\/26\/unsere-stadt-neunte-ausgabe-erschienen\/"},"modified":"2012-04-26T09:55:36","modified_gmt":"2012-04-26T07:55:36","slug":"unsere-stadt-neunte-ausgabe-erschienen","status":"publish","type":"post","link":"https:\/\/www.antifaschistische-linke.de\/?p=803","title":{"rendered":"Unsere Stadt  \u2013 neunte Ausgabe erschienen"},"content":{"rendered":"<p><img decoding=\"async\" src=\"http:\/\/www.antifaschistische-linke.de\/Bilder\/unserestadt-sidebar.jpg\" width=\"250\" align=\"left\" alt=\"Unsere Stadt\" \/>Am 1. Mai 2012 erscheint die neue Aus\u00adga\u00adbe der kom\u00admu\u00adnis\u00adti\u00adschen Zei\u00adtung f\u00fcr Frei\u00adburg <a href=\"http:\/\/unserestadt.blogsport.de\/\">\u201eUn\u00adse\u00adre Stadt\u201c<\/a>. Wieder einmal warten viele lesenswerte Artikel auf euch. Diesmal geht es unter anderem um eine Ausstellung der VVN zum Thema &#8222;Neofaschismus in Deutschland, um den 1. Mai und um die Tarifverhandlungen in der Uniklinik Freiburg. Zudem berichten wir \u00fcber die Er\u00f6ffnung des Linken Zentrums in Freiburg und pr\u00e4sentieren ein Interview mit der antifaschistischen Band &#8222;Enraged Minority&#8220;. Viel Spa\u00df beim Lesen. Die n\u00e4chste Ausgabe wird dann im August 2012 erscheinen.<\/p>\n<p><img decoding=\"async\" src=\"http:\/\/www.antifaschistische-linke.de\/Bilder\/pdflogo.jpg\" align=\"left\" alt=\"\" \/><strong><a href=\"http:\/\/www.antifaschistische-linke.de\/PDF\/unsere-stadt-09.pdf\">Unsere Stadt &#8211; Ausgabe 9 als PDF [1,53 MB]<\/a><\/strong><\/p>\n","protected":false},"excerpt":{"rendered":"<p>Am 1. Mai 2012 erscheint die neue Aus\u00adga\u00adbe der kom\u00admu\u00adnis\u00adti\u00adschen Zei\u00adtung f\u00fcr Frei\u00adburg \u201eUn\u00adse\u00adre Stadt\u201c. Wieder einmal warten viele lesenswerte Artikel auf euch. Diesmal geht es unter anderem um eine Ausstellung der VVN zum Thema &#8222;Neofaschismus in Deutschland, um den 1. Mai und um die Tarifverhandlungen in der Uniklinik Freiburg. Zudem berichten wir \u00fcber die [&hellip;]<\/p>\n","protected":false},"author":1,"featured_media":0,"comment_status":"closed","ping_status":"closed","sticky":false,"template":"","format":"standard","meta":[],"categories":[1],"tags":[],"_links":{"self":[{"href":"https:\/\/www.antifaschistische-linke.de\/index.php?rest_route=\/wp\/v2\/posts\/803"}],"collection":[{"href":"https:\/\/www.antifaschistische-linke.de\/index.php?rest_route=\/wp\/v2\/posts"}],"about":[{"href":"https:\/\/www.antifaschistische-linke.de\/index.php?rest_route=\/wp\/v2\/types\/post"}],"author":[{"embeddable":true,"href":"https:\/\/www.antifaschistische-linke.de\/index.php?rest_route=\/wp\/v2\/users\/1"}],"replies":[{"embeddable":true,"href":"https:\/\/www.antifaschistische-linke.de\/index.php?rest_route=%2Fwp%2Fv2%2Fcomments&post=803"}],"version-history":[{"count":0,"href":"https:\/\/www.antifaschistische-linke.de\/index.php?rest_route=\/wp\/v2\/posts\/803\/revisions"}],"wp:attachment":[{"href":"https:\/\/www.antifaschistische-linke.de\/index.php?rest_route=%2Fwp%2Fv2%2Fmedia&parent=803"}],"wp:term":[{"taxonomy":"category","embeddable":true,"href":"https:\/\/www.antifaschistische-linke.de\/index.php?rest_route=%2Fwp%2Fv2%2Fcategories&post=803"},{"taxonomy":"post_tag","embeddable":true,"href":"https:\/\/www.antifaschistische-linke.de\/index.php?rest_route=%2Fwp%2Fv2%2Ftags&post=803"}],"curies":[{"name":"wp","href":"https:\/\/api.w.org\/{rel}","templated":true}]}}