{"id":833,"date":"2012-08-15T16:17:10","date_gmt":"2012-08-15T14:17:10","guid":{"rendered":"http:\/\/www.antifaschistische-linke.de\/?p=833"},"modified":"2012-10-24T08:46:20","modified_gmt":"2012-10-24T06:46:20","slug":"veranstaltungsreihe-tatort-kurdistan","status":"publish","type":"post","link":"https:\/\/www.antifaschistische-linke.de\/?p=833","title":{"rendered":"Veranstaltungsreihe &#8222;Tatort Kurdistan&#8220;"},"content":{"rendered":"<p><a href=\"http:\/\/www.antifaschistische-linke.de\/?attachment_id=841\" rel=\"attachment wp-att-841\"><img decoding=\"async\" loading=\"lazy\" class=\"alignleft  wp-image-841\" style=\"margin: 5px;\" title=\"tatortkurdistan-flyer-front-miniatur\" src=\"http:\/\/www.antifaschistische-linke.de\/wp-content\/uploads\/2012\/08\/tatortkurdistan-flyer-front-miniatur-212x300.jpg\" alt=\"Tatort Kurdistan\" width=\"136\" height=\"192\" \/><\/a>Von September bis November 2012 findet im Linken Zentrum Freiburg eine Veranstaltungsreihe <a href=\"http:\/\/tatortkurdistan.blogsport.de\">&#8222;Tatort Kurdistan&#8220;<\/a> statt. Mit dieser Reihe wollen wir den Konflikt zischen der T\u00fcrkei und der kurdischen Befreiungsbewegung beleuchten und das Thema &#8222;Kurdistan&#8220;, dass aktueller denn je ist, wieder auf die Tagesordnung der deutschen Linken bringen. Mit Vortr\u00e4gen, Filmen und einem internationalistischen Kulturabend pr\u00e4sentieren wir euch eine abwechslungsreiche und interessante Exkursion und wollen internationale Solidarit\u00e4t leben.<\/p>\n<p>Alle Veranstaltungen finden statt im <a href=\"http:\/\/www.liz-freiburg.org\">\u00a1adelante! &#8211; Linkes Zentrum Freiburg<\/a>. Der Eintritt ist wie immer frei.<\/p>\n<p><strong>Montag | 03.09.2012 | 20 Uhr<\/strong><br \/>\n<strong>Vortrag:<\/strong> <a href=\"http:\/\/www.antifaschistische-linke.de\/?page_id=8&amp;event=7\">Hintergr\u00fcnde und Perspektiven des kurdischen Befreiungskampfes<\/a><br \/>\n<strong>Referentin:<\/strong> Rechtsanw\u00e4ltin und Publizistin <a href=\"http:\/\/www.schmetterling-verlag.de\/page-17_autor-6.htm\">Brigitte Kiechle<\/a> (Karlsruhe)<\/p>\n<p><strong>Montag | 17.09.2012 | 20 Uhr<\/strong><br \/>\n<strong>Film:<\/strong> <a href=\"http:\/\/www.antifaschistische-linke.de\/?page_id=8&amp;event=8\">Min d\u00eet &#8211; Die Kinder von Diyarbakir<\/a> (D\/TR 2009 &#8211; 102 Minuten)<\/p>\n<p><strong>Freitag | 05.10.2012 | 20 Uhr<\/strong><br \/>\n<strong>Vortrag:<\/strong> <a href=\"http:\/\/www.antifaschistische-linke.de\/?page_id=8&amp;event=9\">Deutsche Waffen. deutsches Geld &#8211; zur Verwicklung deutscher Firmen in den kurdischen Konflikt<\/a><br \/>\n<strong>Referent:<\/strong> &#8222;TATORT Kurdistan&#8220;-Aktivist Ulf Petersen (K\u00f6ln)<\/p>\n<p><strong>Montag | 22.10.2012 | 20 Uhr<\/strong><br \/>\n<strong>Film:<\/strong> <a href=\"http:\/\/www.antifaschistische-linke.de\/?page_id=8&amp;event=10\">Close up Kurdistan<\/a> (D 2007 &#8211; 104 Minuten)<\/p>\n<p><strong>Freitag | 02.11.2012 | ab 19 Uhr<\/strong><br \/>\n<strong>Veranstaltung:<\/strong> <a href=\"http:\/\/www.antifaschistische-linke.de\/?page_id=8&amp;event=11\">Internationalistischer Kulturabend<\/a> mit mesopotamischer Volxk\u00fcche, Livemusik (Rohat Ciwan) und Kneipe<\/p>\n<h5><!--more (weiterlesen...) --><\/h5>\n<p><strong>Mehr Informationen zum Themenkomplex:<\/strong><br \/>\n<a href=\"http:\/\/tatortkurdistan.blogsport.de\/\">Bundesweite Kampagne &#8222;Tatort Kurdistan&#8220;<\/a><br \/>\n<a href=\"http:\/\/kurdistan.blogsport.de\/\">Kurdistan-Solidarit\u00e4tskomitee Berlin<\/a><br \/>\n<a href=\"http:\/\/www.nadir.org\/nadir\/initiativ\/isku\/\">Informationsstelle Kurdistan e.V.<\/a><br \/>\n<a href=\"http:\/\/www.nikolaus-brauns.de\/\">Dr. Nikolaus Brauns (Historiker, Journalist, Autor)<\/a><br \/>\n<a href=\"http:\/\/yxkonline.de\/\">YXK &#8211; Verband der Studierenden aus Kurdistan e.V.<\/a><\/p>\n<p><strong>Empfohlene Lekt\u00fcre:<\/strong><br \/>\n<a href=\"http:\/\/www.nadir.org\/nadir\/initiativ\/isku\/hintergrund\/Licht\/index.htm\">Licht am Horizont &#8211; Ann\u00e4herungen an die PKK<\/a><br \/>\n<a href=\"http:\/\/www.nikolaus-brauns.de\/html\/pkk.html\">PKK &#8211; Perspektiven des kurdischen Freiheitskampfes<\/a><br \/>\n<a href=\"http:\/\/www.nadir.org\/nadir\/initiativ\/azadi\/\">15 Jahre PKK-Verbot \u2013 eine Verfolgungsbilanz<\/a><\/p>\n","protected":false},"excerpt":{"rendered":"<p>Von September bis November 2012 findet im Linken Zentrum Freiburg eine Veranstaltungsreihe &#8222;Tatort Kurdistan&#8220; statt. Mit dieser Reihe wollen wir den Konflikt zischen der T\u00fcrkei und der kurdischen Befreiungsbewegung beleuchten und das Thema &#8222;Kurdistan&#8220;, dass aktueller denn je ist, wieder auf die Tagesordnung der deutschen Linken bringen. Mit Vortr\u00e4gen, Filmen und einem internationalistischen Kulturabend pr\u00e4sentieren [&hellip;]<\/p>\n","protected":false},"author":1,"featured_media":0,"comment_status":"closed","ping_status":"closed","sticky":false,"template":"","format":"standard","meta":[],"categories":[5,6,7,11],"tags":[13,12,14],"_links":{"self":[{"href":"https:\/\/www.antifaschistische-linke.de\/index.php?rest_route=\/wp\/v2\/posts\/833"}],"collection":[{"href":"https:\/\/www.antifaschistische-linke.de\/index.php?rest_route=\/wp\/v2\/posts"}],"about":[{"href":"https:\/\/www.antifaschistische-linke.de\/index.php?rest_route=\/wp\/v2\/types\/post"}],"author":[{"embeddable":true,"href":"https:\/\/www.antifaschistische-linke.de\/index.php?rest_route=\/wp\/v2\/users\/1"}],"replies":[{"embeddable":true,"href":"https:\/\/www.antifaschistische-linke.de\/index.php?rest_route=%2Fwp%2Fv2%2Fcomments&post=833"}],"version-history":[{"count":0,"href":"https:\/\/www.antifaschistische-linke.de\/index.php?rest_route=\/wp\/v2\/posts\/833\/revisions"}],"wp:attachment":[{"href":"https:\/\/www.antifaschistische-linke.de\/index.php?rest_route=%2Fwp%2Fv2%2Fmedia&parent=833"}],"wp:term":[{"taxonomy":"category","embeddable":true,"href":"https:\/\/www.antifaschistische-linke.de\/index.php?rest_route=%2Fwp%2Fv2%2Fcategories&post=833"},{"taxonomy":"post_tag","embeddable":true,"href":"https:\/\/www.antifaschistische-linke.de\/index.php?rest_route=%2Fwp%2Fv2%2Ftags&post=833"}],"curies":[{"name":"wp","href":"https:\/\/api.w.org\/{rel}","templated":true}]}}