{"id":851,"date":"2012-08-25T22:49:00","date_gmt":"2012-08-25T20:49:00","guid":{"rendered":"http:\/\/www.antifaschistische-linke.de\/?p=851"},"modified":"2012-08-25T22:49:00","modified_gmt":"2012-08-25T20:49:00","slug":"solidaritat-mit-dem-antifacamp-dortmund-jetzt-erst-recht","status":"publish","type":"post","link":"https:\/\/www.antifaschistische-linke.de\/?p=851","title":{"rendered":"Solidarit\u00e4t mit dem Antifacamp Dortmund \u2013 jetzt erst recht!"},"content":{"rendered":"<p><a href=\"http:\/\/www.antifaschistische-linke.de\/?attachment_id=852\" rel=\"attachment wp-att-852\"><img decoding=\"async\" loading=\"lazy\" class=\"alignleft\" style=\"margin: 5px;\" title=\"antifacamp-do\" src=\"http:\/\/www.antifaschistische-linke.de\/wp-content\/uploads\/antifacamp-do-180x131.png\" alt=\"\" width=\"180\" height=\"131\" \/><\/a>Wir, die Unterst\u00fctzer*innen dieses Aufrufs, protestieren gegen die Entscheidung der Stadt Dortmund, dem langfristig geplanten Bundesweiten Antifacamp einen Tag vor seiner Er\u00f6ffnung die Genehmigung zu verweigern. Diese Entscheidung ist f\u00fcr uns nicht hinnehmbar. Sie wird die spektren\u00fcbergreifende Mobilisierung nicht eind\u00e4mmen. Wir werden in den n\u00e4chsten Tagen nach Dortmund kommen bzw. die antifaschistischen Aktionen weiterhin unterst\u00fctzen. Gemeinsam werden wir den in Dortmund verankerten Neonazi-Strukturen im Vorfeld des \u201eNationalen Antikriegstags\u201c vielf\u00e4ltigen Widerstand entgegen setzen.<!--more--><\/p>\n<p>Die vorgeschobene Begr\u00fcndung der Stadt, das Camp sei wegen ordnungsrechtlichen Bedenken zu verhindern, ist eine Farce. Insbesondere die Erkl\u00e4rung, dass eine von Neonazis angemeldete Demonstration gegen das Camp ein Ablehnungsgrund gewesen ist, ist ein Schlag ins Gesicht f\u00fcr alle, die sich gegen militant rechte Strukturen engagieren. Sollten die Stadt und die angeblichen Sicherheitsbeh\u00f6rden damit durchkommen, w\u00fcrden sie ein Signal an die rechte Szene senden, dass die Neonazis antifaschistische Aktivit\u00e4ten verhindern k\u00f6nnen. Wir sehen es als unsere Verantwortung an, auf dieses Totalversagen der st\u00e4dtischen Verantwortlichen zu reagieren, indem wir unser Engagement in Dortmund verst\u00e4rken.<\/p>\n<p>Wir fordern alle, die den Neonazis nicht den \u00f6ffentlichen Raum \u00fcberlassen wollen, weiterhin dazu auf, nach Dortmund zu kommen. Wir begr\u00fc\u00dfen die Ank\u00fcndigung der lokalen Strukturen, in jedem Fall f\u00fcr \u00dcbernachtungsm\u00f6glichkeiten und Infrastruktur zu sorgen. Insbesondere sind wir der \u00dcberzeugung, dass es im \u00f6ffentlichen Interesse ist, diese Bem\u00fchungen nicht weiter zu behindern. Das Bundesweite Antifacamp muss stattfinden.<\/p>\n<p>Die militante Neonazi-Szene wird nicht m\u00fcde zu behaupten, dass Dortmund ihre Stadt sei. Seit sieben Jahren demonstrieren Neofaschist*innen am 1. September in Dortmund, um am Gedenktag anl\u00e4sslich des deutschen \u00dcberfalls auf Polen die Opfer des Nationalsozialismus zu verh\u00f6hnen und gleichzeitig ihre menschenverachtende Propaganda zu verbreiten. Die Unt\u00e4tigkeit der lokalen Politik hat mit daf\u00fcr gesorgt, dass diese j\u00e4hrliche faschistische Demonstration zu einem zentralen Event der bundesweiten Nazistrukturen werden konnte. Parallel dazu ist die Neonazi-Szene in Dortmund best\u00e4ndig angewachsen und ver\u00fcbt regelm\u00e4\u00dfig gezielte Angriffe auf alternative Zentren, Kneipen und Kulturr\u00e4ume \u2013 sowie auf Menschen, die nicht in ihr faschistisches Weltbild passen. Seit dem Jahr 1990 sind bundesweit mehr als 180 Menschen von Neonazis ermordet worden. Die rechte Gewalt muss ein Ende haben, in Dortmund und \u00fcberall. Ob mit oder ohne Hilfe der Stadt \u2013 gemeinsam setzen wir das Antifacamp durch, und damit ein wichtiges politisches Zeichen.<\/p>\n<p><strong>Ja zum Antifacamp, jetzt erst recht! Auf nach Dortmund!<\/strong><\/p>\n","protected":false},"excerpt":{"rendered":"<p>Wir, die Unterst\u00fctzer*innen dieses Aufrufs, protestieren gegen die Entscheidung der Stadt Dortmund, dem langfristig geplanten Bundesweiten Antifacamp einen Tag vor seiner Er\u00f6ffnung die Genehmigung zu verweigern. Diese Entscheidung ist f\u00fcr uns nicht hinnehmbar. Sie wird die spektren\u00fcbergreifende Mobilisierung nicht eind\u00e4mmen. Wir werden in den n\u00e4chsten Tagen nach Dortmund kommen bzw. die antifaschistischen Aktionen weiterhin unterst\u00fctzen. [&hellip;]<\/p>\n","protected":false},"author":1,"featured_media":0,"comment_status":"closed","ping_status":"closed","sticky":false,"template":"","format":"standard","meta":[],"categories":[10,1,8],"tags":[17,16,19,18],"_links":{"self":[{"href":"https:\/\/www.antifaschistische-linke.de\/index.php?rest_route=\/wp\/v2\/posts\/851"}],"collection":[{"href":"https:\/\/www.antifaschistische-linke.de\/index.php?rest_route=\/wp\/v2\/posts"}],"about":[{"href":"https:\/\/www.antifaschistische-linke.de\/index.php?rest_route=\/wp\/v2\/types\/post"}],"author":[{"embeddable":true,"href":"https:\/\/www.antifaschistische-linke.de\/index.php?rest_route=\/wp\/v2\/users\/1"}],"replies":[{"embeddable":true,"href":"https:\/\/www.antifaschistische-linke.de\/index.php?rest_route=%2Fwp%2Fv2%2Fcomments&post=851"}],"version-history":[{"count":0,"href":"https:\/\/www.antifaschistische-linke.de\/index.php?rest_route=\/wp\/v2\/posts\/851\/revisions"}],"wp:attachment":[{"href":"https:\/\/www.antifaschistische-linke.de\/index.php?rest_route=%2Fwp%2Fv2%2Fmedia&parent=851"}],"wp:term":[{"taxonomy":"category","embeddable":true,"href":"https:\/\/www.antifaschistische-linke.de\/index.php?rest_route=%2Fwp%2Fv2%2Fcategories&post=851"},{"taxonomy":"post_tag","embeddable":true,"href":"https:\/\/www.antifaschistische-linke.de\/index.php?rest_route=%2Fwp%2Fv2%2Ftags&post=851"}],"curies":[{"name":"wp","href":"https:\/\/api.w.org\/{rel}","templated":true}]}}